{"id":17916,"date":"2006-11-30T20:23:06","date_gmt":"2006-11-30T20:23:06","guid":{"rendered":"https:\/\/obscom.intervozes.org.br\/wordpress\/?p=17916"},"modified":"2015-08-26T18:01:53","modified_gmt":"2015-08-26T18:01:53","slug":"quienes-somos","status":"publish","type":"post","link":"https:\/\/obscom.intervozes.org.br\/?p=17916","title":{"rendered":"Qui\u00e9nes somos"},"content":{"rendered":"<p><span class=\"texto\">En la internet desde febrero 2007, el Observat\u00f3rio do Direito \u00e0 Comunica\u00e7\u00e3o es un portal de internet que produce informaci\u00f3n y estimula el debate acerca de la comunicaci\u00f3n en Brasil.<\/span><\/p>\n<p>El Observat\u00f3rio es un proyecto de Intervozes \u2013 Coletivo Brasil de Comunica\u00e7\u00e3o Social. Tiene como objectivo principal ofrecer un ambiente para que se siga y se reflita sobre el campo de la comunicaci\u00f3n, tomando esta como un derecho humano. As\u00ed, reune y organiza referencias sobre el tema y sigue la conyunctura del sector, presentando todos los d\u00edas factos, versiones y analises criticos para el lector.<\/p>\n<p>Los contenidos producidos o reproducidos en el s\u00edtio traen una perspectiva amplia de la comunicaci\u00f3n, abordando un largo tem\u00e1rio que v\u00e1 de las pol\u00edticas culturales a la propriedad de los medios y tambi\u00e9n las m\u00e1s recientes discusiones acerca de la convergencia tecnologica y la digitalizaci\u00f3n de los medios.<\/p>\n<p>Reportages, analises, estudos y pesquisas exclusivas ofrecen a los lectores uma visi\u00f3n muy plural del sector.<\/p>\n<p>Una biblioteca com documientos, producciones acad\u00e9micas y legislacion, contenidos em audio y video, adem\u00e1s de la sistematizaci\u00f3n del noticiero especializado completan el menu del Observat\u00f3rio.<\/p>\n<p><strong>Equipe:<\/strong><br \/>\n<span class=\"texto\">Editor: G\u00e9sio Passos<\/span><\/p>\n<p>CONSEJO EDITORIAL:<br \/>\nAntonio Biondi, Beatriz Barbosa, Diogo Moyses, \u00c9lida Rachel Sousa, Jacson Segundo, Helena Martins, Rachel Bragatto, Cec\u00edlia Bizerra, G\u00e9sio Passos, Jo\u00e3o Brant e Paulo Victor Melo<\/p>\n<p><strong>WEBDESIGN Y MANUTENCI\u00d3N:<\/strong><br \/>\nGrito AD<\/p>\n<p><strong>CONTACTENOS:<\/strong><br \/>\nEdif\u00edcio Jos\u00e9 Severo, sala 511<br \/>\nQuadra 6 &#8211; Bloco A &#8211; 81<br \/>\nSCS &#8211; Asa Sul<br \/>\nBras\u00edlia &#8211; DF<br \/>\nCEP: 70326-900<br \/>\nTel: 61 3341.3637<br \/>\n<a title=\"Enviar mensagem para o Observatorio\" href=\"mailto:observatorio@obscom.intervozes.org.br\">observatorio@obscom.intervozes.org.br<\/a><\/p>\n<p><strong>POL\u00cdTICA DE REPRODUCCI\u00d3N:<\/strong><br \/>\n* Todo el contenido producido por el Observat\u00f3rio do Direito \u00e0 Comunica\u00e7\u00e3o puede ser libremente reproducido una vez que sean citados el autor y la fuente.<br \/>\n* Los contenidos reproducidos en este s\u00edtio siguen las pol\u00edticas de derechos de autor de los medios o instituciones de origen.<\/p>\n","protected":false},"excerpt":{"rendered":"<p>En la internet desde febrero 2007, el Observat\u00f3rio do Direito \u00e0 Comunica\u00e7\u00e3o es un portal de internet que produce informaci\u00f3n y estimula el debate acerca de la comunicaci\u00f3n en Brasil. El Observat\u00f3rio es un proyecto de Intervozes \u2013 Coletivo Brasil de Comunica\u00e7\u00e3o Social. Tiene como objectivo principal ofrecer un ambiente para que se siga y &hellip; <a href=\"https:\/\/obscom.intervozes.org.br\/?p=17916\" class=\"more-link\">Continue lendo <span class=\"screen-reader-text\">Qui\u00e9nes somos<\/span> <span class=\"meta-nav\">&rarr;<\/span><\/a><\/p>\n","protected":false},"author":1,"featured_media":0,"comment_status":"open","ping_status":"open","sticky":false,"template":"","format":"standard","meta":{"footnotes":""},"categories":[1831],"tags":[52],"_links":{"self":[{"href":"https:\/\/obscom.intervozes.org.br\/index.php?rest_route=\/wp\/v2\/posts\/17916"}],"collection":[{"href":"https:\/\/obscom.intervozes.org.br\/index.php?rest_route=\/wp\/v2\/posts"}],"about":[{"href":"https:\/\/obscom.intervozes.org.br\/index.php?rest_route=\/wp\/v2\/types\/post"}],"author":[{"embeddable":true,"href":"https:\/\/obscom.intervozes.org.br\/index.php?rest_route=\/wp\/v2\/users\/1"}],"replies":[{"embeddable":true,"href":"https:\/\/obscom.intervozes.org.br\/index.php?rest_route=%2Fwp%2Fv2%2Fcomments&post=17916"}],"version-history":[{"count":2,"href":"https:\/\/obscom.intervozes.org.br\/index.php?rest_route=\/wp\/v2\/posts\/17916\/revisions"}],"predecessor-version":[{"id":28913,"href":"https:\/\/obscom.intervozes.org.br\/index.php?rest_route=\/wp\/v2\/posts\/17916\/revisions\/28913"}],"wp:attachment":[{"href":"https:\/\/obscom.intervozes.org.br\/index.php?rest_route=%2Fwp%2Fv2%2Fmedia&parent=17916"}],"wp:term":[{"taxonomy":"category","embeddable":true,"href":"https:\/\/obscom.intervozes.org.br\/index.php?rest_route=%2Fwp%2Fv2%2Fcategories&post=17916"},{"taxonomy":"post_tag","embeddable":true,"href":"https:\/\/obscom.intervozes.org.br\/index.php?rest_route=%2Fwp%2Fv2%2Ftags&post=17916"}],"curies":[{"name":"wp","href":"https:\/\/api.w.org\/{rel}","templated":true}]}}